[{"@context":"https:\/\/schema.org\/","@type":"Article","@id":"https:\/\/www.digitalweb.cz\/cely-svet-v-jedne-mistnosti\/#Article","mainEntityOfPage":"https:\/\/www.digitalweb.cz\/cely-svet-v-jedne-mistnosti\/","headline":"Cel\u00fd sv\u011bt v jedn\u00e9 m\u00edstnosti","name":"Cel\u00fd sv\u011bt v jedn\u00e9 m\u00edstnosti","description":"Za\u0159izov\u00e1n\u00ed d\u011btsk\u00e9ho pokoj\u00edku je samotnou v\u00fdzvou i pro bytov\u00e9 architekty. Ka\u017ed\u00e1 m\u00edstnost je v\u017edy jin\u00e1 a je to p\u0159edev\u0161\u00edm kv\u016fli tomu, \u017ee d\u011bti maj\u00ed sv\u016fj vlastn\u00ed pohled na sv\u011bt. P\u0159i za\u0159izov\u00e1n\u00ed bychom jim m\u011bli tak trochu naslouchat, co by asi tak zde m\u011blo b\u00fdt, z \u010deho by m\u011bly radost. Konec konc\u016f to bude jejich kr\u00e1lovstv\u00ed [&hellip;]","datePublished":"2019-08-17","dateModified":"2023-04-28","author":{"@type":"Person","@id":"https:\/\/www.digitalweb.cz\/author\/#Person","name":"digitalweb.cz\n","url":"https:\/\/www.digitalweb.cz\/author\/","identifier":1,"image":{"@type":"ImageObject","@id":"https:\/\/secure.gravatar.com\/avatar\/2dfb47fe8ef5e1795dc8fdf9fc01f7f6e0de0c5b588d6a35abd2f00b6a65d2be?s=96&d=mm&r=g","url":"https:\/\/secure.gravatar.com\/avatar\/2dfb47fe8ef5e1795dc8fdf9fc01f7f6e0de0c5b588d6a35abd2f00b6a65d2be?s=96&d=mm&r=g","height":96,"width":96}},"publisher":{"@type":"Organization","name":"digitalweb.cz","logo":{"@type":"ImageObject","@id":"\/logo.png","url":"\/logo.png","width":600,"height":60}},"image":{"@type":"ImageObject","@id":"https:\/\/www.digitalweb.cz\/wp-content\/uploads\/img_a358569_w1792_t1572944923.jpg","url":"https:\/\/www.digitalweb.cz\/wp-content\/uploads\/img_a358569_w1792_t1572944923.jpg","height":0,"width":0},"url":"https:\/\/www.digitalweb.cz\/cely-svet-v-jedne-mistnosti\/","about":["D\u016fm a zahrada"],"wordCount":539,"articleBody":"   Za\u0159izov\u00e1n\u00ed d\u011btsk\u00e9ho pokoj\u00edku je samotnou v\u00fdzvou i pro bytov\u00e9 architekty. Ka\u017ed\u00e1 m\u00edstnost je v\u017edy jin\u00e1 a je to p\u0159edev\u0161\u00edm kv\u016fli tomu, \u017ee d\u011bti maj\u00ed sv\u016fj vlastn\u00ed pohled na sv\u011bt. P\u0159i za\u0159izov\u00e1n\u00ed bychom jim m\u011bli tak trochu naslouchat, co by asi tak zde m\u011blo b\u00fdt, z \u010deho by m\u011bly radost. Konec konc\u016f to bude jejich kr\u00e1lovstv\u00ed a m\u011bly by se zde c\u00edtit dob\u0159e a v bezpe\u010d\u00ed. Je pravdou, \u017ee neum\u00ed posoudit a rozvrhnout jednotliv\u00e9 z\u00f3ny, ale od toho maj\u00ed n\u00e1s dosp\u011bl\u00e9, abychom jim pomohli to jejich z\u00e1zem\u00ed vytvo\u0159it. D\u011btsk\u00fd pokoj by m\u011bl m\u00edt t\u0159i z\u00e1kladn\u00ed z\u00f3ny, kter\u00e9 budou m\u00edt sv\u00e9 z\u00e1sadn\u00ed postaven\u00ed v m\u00edstnosti.   \u00b7 Spac\u00ed neboli odpo\u010dinkov\u00e1 \u010di relaxa\u010dn\u00ed. V t\u00e9to z\u00f3n\u011b se p\u0159irozen\u011b bude nach\u00e1zet d\u011btsk\u00e1 postel, p\u0159\u00edpadn\u011b u n\u00ed sedac\u00ed vak. Tato pozice by m\u011bla m\u00edt nejhlavn\u011bj\u0161\u00ed a tak\u00e9 zaujme z\u0159eteln\u011b nejv\u011bt\u0161\u00ed pozici. Kdy\u017e se pokoj\u00edk za\u010d\u00edn\u00e1 za\u0159izovat, tak by prvn\u00ed m\u011bla b\u00fdt tady postel a podle n\u00ed se pot\u00e9 budou p\u0159id\u00e1vat dal\u0161\u00ed dopl\u0148ky a n\u00e1bytek. Naprosto skv\u011bl\u00e9 jsou d\u011btsk\u00e9 postele s \u00falo\u017en\u00fdm prostorem. Daj\u00ed se sem slo\u017eit nap\u0159\u00edklad pe\u0159iny nebo sez\u00f3nn\u00ed oble\u010den\u00ed, kter\u00e9 pot\u00e9 nebudou zab\u00edrat m\u00edsto nap\u0159\u00edklad ve sk\u0159\u00edni. \u00b7 Pracovn\u00ed z\u00f3na je velmi d\u016fle\u017eit\u00e1 pro tvo\u0159ivost. Velkou chybou je um\u00edstit pracovn\u00ed stolek tak, aby bylo d\u00edt\u011b z\u00e1dy ke dve\u0159\u00edm. Je to pro n\u011b velmi nep\u0159\u00edjemn\u00fd pocit. Proto by bylo dobr\u00e9 mu naj\u00edt m\u00edsto u okna, aby sem sv\u00edtilo co nejv\u00edce p\u0159irozen\u00e9ho sv\u011btla a z\u00e1rove\u0148 ho um\u00edstit tak, aby byl p\u0159ehled od stolu na dve\u0159e. T\u00edm d\u00edt\u011b snadno zaregistruje p\u0159\u00edchoz\u00ed lidi. \u00b7 Hrac\u00ed plocha se v\u011bt\u0161inou nach\u00e1z\u00ed na podlaze, kter\u00e1 m\u00e1 b\u00fdt p\u0159\u00edjemn\u00e1 na dotek. Zpo\u010d\u00e1tku v\u011bku nem\u00e1 cenu d\u011btem vyhrazovat n\u011bjak\u00fd prostor na hran\u00ed, jeliko\u017e je to zcela zbyte\u010dn\u00e9. Jeho kr\u00e1lovstv\u00ed pat\u0159\u00ed hr\u00e1m. Kdy\u017e budou v\u011bt\u0161\u00ed, m\u011bly by jasn\u011b pochopit, \u017ee jejich kr\u00e1lovstv\u00ed hra\u010dek je nutn\u00e9 ukl\u00edzet a je vymezen\u00e1 hrac\u00ed plocha.  Trh nab\u00edz\u00ed velk\u00fd v\u00fdb\u011br d\u011btsk\u00fdch postel\u00ed  Nejlep\u0161\u00ed je, kdy\u017e m\u00e1 postel pevn\u00e9 \u010delo a za n\u00edm je pevn\u00e1 ze\u010f. Je to prvek, kter\u00fd se bude s v\u011bkem d\u00edt\u011bte zv\u011bt\u0161ovat a ur\u010dit\u011b nen\u00ed chybou, kdy\u017e se nau\u010d\u00ed sp\u00e1t na v\u011bt\u0161\u00edm prostoru. To jim poskytne dostatek prostoru na v\u00e1len\u00ed, odpo\u010dinek i relaxaci. Nejlep\u0161\u00ed jsou p\u0159\u00edrodn\u00ed materi\u00e1ly, co\u017e je postel z masivu nebo z desek na b\u00e1zi d\u0159eva jako je p\u0159ekli\u017eka, MDF a podobn\u011b. Kdy\u017e je v pokoji v\u00edce sourozenc\u016f, je mo\u017en\u00e9 u\u0161et\u0159it m\u00edsto t\u00edm, \u017ee se po\u0159\u00edd\u00ed praktick\u00e9 palandy. Ty jsou tak\u00e9 v nab\u00eddce s \u00falo\u017en\u00fdmi prostory.                                                                                                                                                                                                                                                                                                                                                                                           4.3\/5 - (9 votes)        "},{"@context":"https:\/\/schema.org\/","@type":"BreadcrumbList","itemListElement":[{"@type":"ListItem","position":1,"name":"Cel\u00fd sv\u011bt v jedn\u00e9 m\u00edstnosti","item":"https:\/\/www.digitalweb.cz\/cely-svet-v-jedne-mistnosti\/#breadcrumbitem"}]}]