{"@context":"https:\/\/schema.org\/","@type":"CollectionPage","@id":"https:\/\/www.digitalweb.cz\/dum-a-zahrada\/#CollectionPage","headline":"D\u016fm a zahrada Category","description":"","url":"https:\/\/www.digitalweb.cz\/dum-a-zahrada\/","hasPart":[{"@type":"Article","@id":"https:\/\/www.digitalweb.cz\/znecisteni-bazenu-a-jeho-reseni\/","headline":"Zne\u010di\u0161t\u011bn\u00ed baz\u00e9nu a jeho \u0159e\u0161en\u00ed","url":"https:\/\/www.digitalweb.cz\/znecisteni-bazenu-a-jeho-reseni\/","datePublished":"2025-03-06","dateModified":"2023-04-28","mainEntityOfPage":"https:\/\/www.digitalweb.cz\/znecisteni-bazenu-a-jeho-reseni\/","author":{"@type":"Person","@id":"https:\/\/www.digitalweb.cz\/author\/#Person","name":"digitalweb.cz\n","url":"https:\/\/www.digitalweb.cz\/author\/","identifier":1,"image":{"@type":"ImageObject","@id":"https:\/\/secure.gravatar.com\/avatar\/2dfb47fe8ef5e1795dc8fdf9fc01f7f6e0de0c5b588d6a35abd2f00b6a65d2be?s=96&d=mm&r=g","url":"https:\/\/secure.gravatar.com\/avatar\/2dfb47fe8ef5e1795dc8fdf9fc01f7f6e0de0c5b588d6a35abd2f00b6a65d2be?s=96&d=mm&r=g","height":96,"width":96}},"publisher":{"@type":"Organization","name":"digitalweb.cz","logo":{"@type":"ImageObject","@id":"\/logo.png","url":"\/logo.png","width":600,"height":60}},"image":{"@type":"ImageObject","@id":"https:\/\/www.digitalweb.cz\/wp-content\/uploads\/img_a308261_w1792_t1519376510.jpg","url":"https:\/\/www.digitalweb.cz\/wp-content\/uploads\/img_a308261_w1792_t1519376510.jpg","height":0,"width":0},"keywords":null},{"@type":"Article","@id":"https:\/\/www.digitalweb.cz\/vlastni-zelenina-i-bez-zahrady\/","headline":"Vlastn\u00ed zelenina i bez zahrady!","url":"https:\/\/www.digitalweb.cz\/vlastni-zelenina-i-bez-zahrady\/","datePublished":"2025-03-03","dateModified":"2023-04-28","mainEntityOfPage":"https:\/\/www.digitalweb.cz\/vlastni-zelenina-i-bez-zahrady\/","author":{"@type":"Person","@id":"https:\/\/www.digitalweb.cz\/author\/#Person","name":"digitalweb.cz\n","url":"https:\/\/www.digitalweb.cz\/author\/","identifier":1,"image":{"@type":"ImageObject","@id":"https:\/\/secure.gravatar.com\/avatar\/2dfb47fe8ef5e1795dc8fdf9fc01f7f6e0de0c5b588d6a35abd2f00b6a65d2be?s=96&d=mm&r=g","url":"https:\/\/secure.gravatar.com\/avatar\/2dfb47fe8ef5e1795dc8fdf9fc01f7f6e0de0c5b588d6a35abd2f00b6a65d2be?s=96&d=mm&r=g","height":96,"width":96}},"publisher":{"@type":"Organization","name":"digitalweb.cz","logo":{"@type":"ImageObject","@id":"\/logo.png","url":"\/logo.png","width":600,"height":60}},"image":{"@type":"ImageObject","@id":"https:\/\/www.digitalweb.cz\/wp-content\/uploads\/img_a335059_w1792_t1548482175.jpg","url":"https:\/\/www.digitalweb.cz\/wp-content\/uploads\/img_a335059_w1792_t1548482175.jpg","height":0,"width":0},"keywords":null},{"@type":"Article","@id":"https:\/\/www.digitalweb.cz\/pestovani-nejen-kouzelnych-bylinek\/","headline":"P\u011bstov\u00e1n\u00ed nejen kouzeln\u00fdch bylinek","url":"https:\/\/www.digitalweb.cz\/pestovani-nejen-kouzelnych-bylinek\/","datePublished":"2025-02-28","dateModified":"2023-04-28","mainEntityOfPage":"https:\/\/www.digitalweb.cz\/pestovani-nejen-kouzelnych-bylinek\/","author":{"@type":"Person","@id":"https:\/\/www.digitalweb.cz\/author\/#Person","name":"digitalweb.cz\n","url":"https:\/\/www.digitalweb.cz\/author\/","identifier":1,"image":{"@type":"ImageObject","@id":"https:\/\/secure.gravatar.com\/avatar\/2dfb47fe8ef5e1795dc8fdf9fc01f7f6e0de0c5b588d6a35abd2f00b6a65d2be?s=96&d=mm&r=g","url":"https:\/\/secure.gravatar.com\/avatar\/2dfb47fe8ef5e1795dc8fdf9fc01f7f6e0de0c5b588d6a35abd2f00b6a65d2be?s=96&d=mm&r=g","height":96,"width":96}},"publisher":{"@type":"Organization","name":"digitalweb.cz","logo":{"@type":"ImageObject","@id":"\/logo.png","url":"\/logo.png","width":600,"height":60}},"image":{"@type":"ImageObject","@id":"https:\/\/www.digitalweb.cz\/wp-content\/uploads\/img_a295314_w2130_t1506776741.jpg","url":"https:\/\/www.digitalweb.cz\/wp-content\/uploads\/img_a295314_w2130_t1506776741.jpg","height":0,"width":0},"keywords":null},{"@type":"Article","@id":"https:\/\/www.digitalweb.cz\/stale-cerstve-bylinky\/","headline":"St\u00e1le \u010derstv\u00e9 bylinky","url":"https:\/\/www.digitalweb.cz\/stale-cerstve-bylinky\/","datePublished":"2023-04-28","dateModified":"2023-04-28","mainEntityOfPage":"https:\/\/www.digitalweb.cz\/stale-cerstve-bylinky\/","author":{"@type":"Person","@id":"https:\/\/www.digitalweb.cz\/author\/#Person","name":"digitalweb.cz\n","url":"https:\/\/www.digitalweb.cz\/author\/","identifier":1,"image":{"@type":"ImageObject","@id":"https:\/\/secure.gravatar.com\/avatar\/2dfb47fe8ef5e1795dc8fdf9fc01f7f6e0de0c5b588d6a35abd2f00b6a65d2be?s=96&d=mm&r=g","url":"https:\/\/secure.gravatar.com\/avatar\/2dfb47fe8ef5e1795dc8fdf9fc01f7f6e0de0c5b588d6a35abd2f00b6a65d2be?s=96&d=mm&r=g","height":96,"width":96}},"publisher":{"@type":"Organization","name":"digitalweb.cz","logo":{"@type":"ImageObject","@id":"\/logo.png","url":"\/logo.png","width":600,"height":60}},"image":null,"keywords":null},{"@type":"Article","@id":"https:\/\/www.digitalweb.cz\/vyber-materialu-pro-venkovni-terasu\/","headline":"V\u00fdb\u011br materi\u00e1lu pro venkovn\u00ed terasu","url":"https:\/\/www.digitalweb.cz\/vyber-materialu-pro-venkovni-terasu\/","datePublished":"2023-04-28","dateModified":"2023-04-28","mainEntityOfPage":"https:\/\/www.digitalweb.cz\/vyber-materialu-pro-venkovni-terasu\/","author":{"@type":"Person","@id":"https:\/\/www.digitalweb.cz\/author\/#Person","name":"digitalweb.cz\n","url":"https:\/\/www.digitalweb.cz\/author\/","identifier":1,"image":{"@type":"ImageObject","@id":"https:\/\/secure.gravatar.com\/avatar\/2dfb47fe8ef5e1795dc8fdf9fc01f7f6e0de0c5b588d6a35abd2f00b6a65d2be?s=96&d=mm&r=g","url":"https:\/\/secure.gravatar.com\/avatar\/2dfb47fe8ef5e1795dc8fdf9fc01f7f6e0de0c5b588d6a35abd2f00b6a65d2be?s=96&d=mm&r=g","height":96,"width":96}},"publisher":{"@type":"Organization","name":"digitalweb.cz","logo":{"@type":"ImageObject","@id":"\/logo.png","url":"\/logo.png","width":600,"height":60}},"image":null,"keywords":null},{"@type":"Article","@id":"https:\/\/www.digitalweb.cz\/doba-modernich-technologii\/","headline":"Doba modern\u00edch technologi\u00ed","url":"https:\/\/www.digitalweb.cz\/doba-modernich-technologii\/","datePublished":"2023-04-28","dateModified":"2023-04-28","mainEntityOfPage":"https:\/\/www.digitalweb.cz\/doba-modernich-technologii\/","author":{"@type":"Person","@id":"https:\/\/www.digitalweb.cz\/author\/#Person","name":"digitalweb.cz\n","url":"https:\/\/www.digitalweb.cz\/author\/","identifier":1,"image":{"@type":"ImageObject","@id":"https:\/\/secure.gravatar.com\/avatar\/2dfb47fe8ef5e1795dc8fdf9fc01f7f6e0de0c5b588d6a35abd2f00b6a65d2be?s=96&d=mm&r=g","url":"https:\/\/secure.gravatar.com\/avatar\/2dfb47fe8ef5e1795dc8fdf9fc01f7f6e0de0c5b588d6a35abd2f00b6a65d2be?s=96&d=mm&r=g","height":96,"width":96}},"publisher":{"@type":"Organization","name":"digitalweb.cz","logo":{"@type":"ImageObject","@id":"\/logo.png","url":"\/logo.png","width":600,"height":60}},"image":null,"keywords":null},{"@type":"Article","@id":"https:\/\/www.digitalweb.cz\/zivy-nebo-umely\/","headline":"\u017div\u00fd nebo um\u011bl\u00fd","url":"https:\/\/www.digitalweb.cz\/zivy-nebo-umely\/","datePublished":"2023-04-28","dateModified":"2023-04-28","mainEntityOfPage":"https:\/\/www.digitalweb.cz\/zivy-nebo-umely\/","author":{"@type":"Person","@id":"https:\/\/www.digitalweb.cz\/author\/#Person","name":"digitalweb.cz\n","url":"https:\/\/www.digitalweb.cz\/author\/","identifier":1,"image":{"@type":"ImageObject","@id":"https:\/\/secure.gravatar.com\/avatar\/2dfb47fe8ef5e1795dc8fdf9fc01f7f6e0de0c5b588d6a35abd2f00b6a65d2be?s=96&d=mm&r=g","url":"https:\/\/secure.gravatar.com\/avatar\/2dfb47fe8ef5e1795dc8fdf9fc01f7f6e0de0c5b588d6a35abd2f00b6a65d2be?s=96&d=mm&r=g","height":96,"width":96}},"publisher":{"@type":"Organization","name":"digitalweb.cz","logo":{"@type":"ImageObject","@id":"\/logo.png","url":"\/logo.png","width":600,"height":60}},"image":null,"keywords":null},{"@type":"Article","@id":"https:\/\/www.digitalweb.cz\/konec-naslapnym-odpadkovym-kosum\/","headline":"Konec n\u00e1\u0161lapn\u00fdm odpadkov\u00fdm ko\u0161\u016fm","url":"https:\/\/www.digitalweb.cz\/konec-naslapnym-odpadkovym-kosum\/","datePublished":"2023-04-28","dateModified":"2023-04-28","mainEntityOfPage":"https:\/\/www.digitalweb.cz\/konec-naslapnym-odpadkovym-kosum\/","author":{"@type":"Person","@id":"https:\/\/www.digitalweb.cz\/author\/#Person","name":"digitalweb.cz\n","url":"https:\/\/www.digitalweb.cz\/author\/","identifier":1,"image":{"@type":"ImageObject","@id":"https:\/\/secure.gravatar.com\/avatar\/2dfb47fe8ef5e1795dc8fdf9fc01f7f6e0de0c5b588d6a35abd2f00b6a65d2be?s=96&d=mm&r=g","url":"https:\/\/secure.gravatar.com\/avatar\/2dfb47fe8ef5e1795dc8fdf9fc01f7f6e0de0c5b588d6a35abd2f00b6a65d2be?s=96&d=mm&r=g","height":96,"width":96}},"publisher":{"@type":"Organization","name":"digitalweb.cz","logo":{"@type":"ImageObject","@id":"\/logo.png","url":"\/logo.png","width":600,"height":60}},"image":null,"keywords":null}]}