[{"@context":"https:\/\/schema.org\/","@type":"Article","@id":"https:\/\/www.digitalweb.cz\/ekologicke-baleni-darku\/#Article","mainEntityOfPage":"https:\/\/www.digitalweb.cz\/ekologicke-baleni-darku\/","headline":"Ekologick\u00e9 balen\u00ed d\u00e1rk\u016f","name":"Ekologick\u00e9 balen\u00ed d\u00e1rk\u016f","description":"Na\u0161e doba je zam\u011b\u0159en\u00e1 p\u0159edev\u0161\u00edm na pou\u017e\u00edv\u00e1n\u00ed digit\u00e1ln\u00edch technologi\u00ed. B\u011bhem p\u00e1r des\u00edtek let jsme se dostali do stavu, kdy se v prvn\u00edch t\u0159\u00edd\u00e1ch p\u0159est\u00e1v\u00e1 vyu\u010dovat v\u00e1zan\u00e9 p\u00edsmo, d\u011bti se ji\u017e rovnou na mnoh\u00fdch \u0161kol\u00e1ch u\u010d\u00ed ps\u00e1t bezpatkov\u00fdm tiskac\u00edm p\u00edsmem, se kter\u00fdm jsou zvykl\u00e9 se setk\u00e1vat. Je pravda, \u017ee psac\u00ed p\u00edsmo je pro d\u011bti n\u00e1ro\u010dn\u00e9 na [&hellip;]","datePublished":"2025-12-14","dateModified":"2025-12-14","author":{"@type":"Person","@id":"https:\/\/www.digitalweb.cz\/author\/#Person","name":"digitalweb.cz\n","url":"https:\/\/www.digitalweb.cz\/author\/","identifier":1,"image":{"@type":"ImageObject","@id":"https:\/\/secure.gravatar.com\/avatar\/2dfb47fe8ef5e1795dc8fdf9fc01f7f6e0de0c5b588d6a35abd2f00b6a65d2be?s=96&d=mm&r=g","url":"https:\/\/secure.gravatar.com\/avatar\/2dfb47fe8ef5e1795dc8fdf9fc01f7f6e0de0c5b588d6a35abd2f00b6a65d2be?s=96&d=mm&r=g","height":96,"width":96}},"publisher":{"@type":"Organization","name":"digitalweb.cz","logo":{"@type":"ImageObject","@id":"\/logo.png","url":"\/logo.png","width":600,"height":60}},"image":{"@type":"ImageObject","@id":"https:\/\/www.digitalweb.cz\/wp-content\/uploads\/blank-792125_640.jpg","url":"https:\/\/www.digitalweb.cz\/wp-content\/uploads\/blank-792125_640.jpg","height":0,"width":0},"url":"https:\/\/www.digitalweb.cz\/ekologicke-baleni-darku\/","about":["Produkty"],"wordCount":427,"articleBody":"      Na\u0161e doba je zam\u011b\u0159en\u00e1 p\u0159edev\u0161\u00edm na pou\u017e\u00edv\u00e1n\u00ed digit\u00e1ln\u00edch technologi\u00ed. B\u011bhem p\u00e1r des\u00edtek let jsme se dostali do stavu, kdy se v prvn\u00edch t\u0159\u00edd\u00e1ch p\u0159est\u00e1v\u00e1 vyu\u010dovat v\u00e1zan\u00e9 p\u00edsmo, d\u011bti se ji\u017e rovnou na mnoh\u00fdch \u0161kol\u00e1ch u\u010d\u00ed ps\u00e1t bezpatkov\u00fdm tiskac\u00edm p\u00edsmem, se kter\u00fdm jsou zvykl\u00e9 se setk\u00e1vat. Je pravda, \u017ee psac\u00ed p\u00edsmo je pro d\u011bti n\u00e1ro\u010dn\u00e9 na nau\u010den\u00ed. Tvary p\u00edsmenek jsou n\u011bkdy slo\u017eit\u00e9, mnohdy navz\u00e1jem podobn\u00e9, vy\u017eaduj\u00ed plynulost, rozvinutou motoriku, soust\u0159ed\u011bn\u00ed. Tiskac\u00ed p\u00edsmo na rozd\u00edl od toho d\u011bti \u010dasto znaj\u00ed ji\u017e p\u0159ed n\u00e1stupem do \u0161koly, vid\u00ed jej, kdy\u017e si s rodi\u010di \u010dtou knihy, kdy\u017e otev\u0159ou jak\u00fdkoliv ti\u0161t\u011bn\u00fd dokument nebo p\u0159i prohl\u00ed\u017een\u00ed n\u00e1pis\u016f ve sv\u00e9m okol\u00ed. Tato cesta je pro n\u011b tedy snaz\u0161\u00ed a mo\u017en\u00e1 i m\u00e9n\u011b stresuj\u00edc\u00ed. Bohu\u017eel ale p\u0159i psan\u00ed nev\u00e1zan\u00fdm p\u00edsmem nedoch\u00e1z\u00ed k dostate\u010dn\u00e9mu propojov\u00e1n\u00ed r\u016fzn\u00fdch oblast\u00ed mozku a v mnoha sm\u011brech jsou pak d\u011bti vlastn\u011b ochuzeny. A\u0165 u\u017e je ale zvolen kter\u00fdkoliv postup psan\u00ed, s po\u010d\u00edta\u010dovou kl\u00e1vesnic\u00ed a psan\u00edm na n\u00ed se d\u011bti budou ji\u017e od brzk\u00e9ho v\u011bku setk\u00e1vat nejen v hodin\u00e1ch informatiky, ale tak\u00e9 v r\u016fzn\u00fdch jin\u00fdch p\u0159edm\u011btech. Posledn\u00ed dobou doch\u00e1z\u00ed i k tomu, \u017ee si d\u011bti ji\u017e na druh\u00e9m stupni z\u00e1kladn\u00ed \u0161koly nebo na st\u0159edn\u00ed \u0161kole nos\u00ed do hodin na z\u00e1pisky m\u00edsto pap\u00edru a propisky notebook \u010di tablet, kde si zapisuj\u00ed touto nejjednodu\u0161\u0161\u00ed formou. Na vysok\u00e9 \u0161kole je pak tento postup ji\u017e t\u00e9m\u011b\u0159 samoz\u0159ejmost\u00ed. Ale i p\u0159es tyto zm\u011bny doch\u00e1z\u00ed st\u00e1le k obrovsk\u00e9 spot\u0159eb\u011b pap\u00edru a v z\u00e1kladu tedy i d\u0159eva. Aby tato spot\u0159eba nem\u011bla p\u0159\u00edli\u0161 velk\u00fd a\u017e devastuj\u00edc\u00ed dopad na p\u0159\u00edrodu a lesy, je nejlep\u0161\u00ed cestou vyu\u017e\u00edv\u00e1n\u00ed ekologick\u00e9ho a recyklovan\u00e9ho pap\u00edru. T\u0159\u00edd\u011bn\u00ed odpadu je pro n\u00e1s normou, proto ani recyklace pap\u00edru nen\u00ed p\u0159\u00edli\u0161 obt\u00ed\u017en\u00e1. Vyu\u017e\u00edt m\u016f\u017eete i ekologick\u00fd balic\u00ed pap\u00edr b\u00edl\u00fd balteto.cz, kter\u00fd kombinuje ekologick\u00e9 hledisko s kr\u00e1sn\u011b \u010distou a dob\u0159e vyu\u017eitelnou barvou pro balen\u00ed d\u00e1rk\u016f nebo v\u00fdtvarn\u00e9 \u010dinnosti s d\u011btmi.                                                                                                                                                                                                                                                                                                                                                                                          4\/5 - (1 vote)        "},{"@context":"https:\/\/schema.org\/","@type":"BreadcrumbList","itemListElement":[{"@type":"ListItem","position":1,"name":"Ekologick\u00e9 balen\u00ed d\u00e1rk\u016f","item":"https:\/\/www.digitalweb.cz\/ekologicke-baleni-darku\/#breadcrumbitem"}]}]