{"@context":"https:\/\/schema.org\/","@type":"CollectionPage","@id":"https:\/\/www.digitalweb.cz\/krasa\/#CollectionPage","headline":"Kr\u00e1sa Category","description":"","url":"https:\/\/www.digitalweb.cz\/krasa\/","hasPart":[{"@type":"Article","@id":"https:\/\/www.digitalweb.cz\/budte-krasna-s-prirodnimi-produkty\/","headline":"Bu\u010fte kr\u00e1sn\u00e1 s p\u0159\u00edrodn\u00edmi produkty","url":"https:\/\/www.digitalweb.cz\/budte-krasna-s-prirodnimi-produkty\/","datePublished":"2025-03-05","dateModified":"2023-04-28","mainEntityOfPage":"https:\/\/www.digitalweb.cz\/budte-krasna-s-prirodnimi-produkty\/","author":{"@type":"Person","@id":"https:\/\/www.digitalweb.cz\/author\/#Person","name":"digitalweb.cz\n","url":"https:\/\/www.digitalweb.cz\/author\/","identifier":1,"image":{"@type":"ImageObject","@id":"https:\/\/secure.gravatar.com\/avatar\/2dfb47fe8ef5e1795dc8fdf9fc01f7f6e0de0c5b588d6a35abd2f00b6a65d2be?s=96&d=mm&r=g","url":"https:\/\/secure.gravatar.com\/avatar\/2dfb47fe8ef5e1795dc8fdf9fc01f7f6e0de0c5b588d6a35abd2f00b6a65d2be?s=96&d=mm&r=g","height":96,"width":96}},"publisher":{"@type":"Organization","name":"digitalweb.cz","logo":{"@type":"ImageObject","@id":"\/logo.png","url":"\/logo.png","width":600,"height":60}},"image":{"@type":"ImageObject","@id":"https:\/\/www.digitalweb.cz\/wp-content\/uploads\/img_a305547_w1792_t1517050968.jpg","url":"https:\/\/www.digitalweb.cz\/wp-content\/uploads\/img_a305547_w1792_t1517050968.jpg","height":0,"width":0},"keywords":null},{"@type":"Article","@id":"https:\/\/www.digitalweb.cz\/jak-na-roztrepene-konecky-vlasu\/","headline":"Jak na rozt\u0159epen\u00e9 kone\u010dky vlas\u016f","url":"https:\/\/www.digitalweb.cz\/jak-na-roztrepene-konecky-vlasu\/","datePublished":"2025-03-04","dateModified":"2023-04-28","mainEntityOfPage":"https:\/\/www.digitalweb.cz\/jak-na-roztrepene-konecky-vlasu\/","author":{"@type":"Person","@id":"https:\/\/www.digitalweb.cz\/author\/#Person","name":"digitalweb.cz\n","url":"https:\/\/www.digitalweb.cz\/author\/","identifier":1,"image":{"@type":"ImageObject","@id":"https:\/\/secure.gravatar.com\/avatar\/2dfb47fe8ef5e1795dc8fdf9fc01f7f6e0de0c5b588d6a35abd2f00b6a65d2be?s=96&d=mm&r=g","url":"https:\/\/secure.gravatar.com\/avatar\/2dfb47fe8ef5e1795dc8fdf9fc01f7f6e0de0c5b588d6a35abd2f00b6a65d2be?s=96&d=mm&r=g","height":96,"width":96}},"publisher":{"@type":"Organization","name":"digitalweb.cz","logo":{"@type":"ImageObject","@id":"\/logo.png","url":"\/logo.png","width":600,"height":60}},"image":{"@type":"ImageObject","@id":"https:\/\/www.digitalweb.cz\/wp-content\/uploads\/img_a301105_w1792_t1511204746.jpg","url":"https:\/\/www.digitalweb.cz\/wp-content\/uploads\/img_a301105_w1792_t1511204746.jpg","height":0,"width":0},"keywords":null},{"@type":"Article","@id":"https:\/\/www.digitalweb.cz\/zazracna-kozi-kosmetika\/","headline":"Z\u00e1zra\u010dn\u00e1 koz\u00ed kosmetika","url":"https:\/\/www.digitalweb.cz\/zazracna-kozi-kosmetika\/","datePublished":"2025-02-28","dateModified":"2023-04-28","mainEntityOfPage":"https:\/\/www.digitalweb.cz\/zazracna-kozi-kosmetika\/","author":{"@type":"Person","@id":"https:\/\/www.digitalweb.cz\/author\/#Person","name":"digitalweb.cz\n","url":"https:\/\/www.digitalweb.cz\/author\/","identifier":1,"image":{"@type":"ImageObject","@id":"https:\/\/secure.gravatar.com\/avatar\/2dfb47fe8ef5e1795dc8fdf9fc01f7f6e0de0c5b588d6a35abd2f00b6a65d2be?s=96&d=mm&r=g","url":"https:\/\/secure.gravatar.com\/avatar\/2dfb47fe8ef5e1795dc8fdf9fc01f7f6e0de0c5b588d6a35abd2f00b6a65d2be?s=96&d=mm&r=g","height":96,"width":96}},"publisher":{"@type":"Organization","name":"digitalweb.cz","logo":{"@type":"ImageObject","@id":"\/logo.png","url":"\/logo.png","width":600,"height":60}},"image":{"@type":"ImageObject","@id":"https:\/\/www.digitalweb.cz\/wp-content\/uploads\/img_a334372_w1792_t1547999288.jpg","url":"https:\/\/www.digitalweb.cz\/wp-content\/uploads\/img_a334372_w1792_t1547999288.jpg","height":0,"width":0},"keywords":null},{"@type":"Article","@id":"https:\/\/www.digitalweb.cz\/krasa-a-zdravi-vychazi-ze-spravne-stravy\/","headline":"Kr\u00e1sa a zdrav\u00ed vych\u00e1z\u00ed ze spr\u00e1vn\u00e9 stravy","url":"https:\/\/www.digitalweb.cz\/krasa-a-zdravi-vychazi-ze-spravne-stravy\/","datePublished":"2023-04-28","dateModified":"2023-04-28","mainEntityOfPage":"https:\/\/www.digitalweb.cz\/krasa-a-zdravi-vychazi-ze-spravne-stravy\/","author":{"@type":"Person","@id":"https:\/\/www.digitalweb.cz\/author\/#Person","name":"digitalweb.cz\n","url":"https:\/\/www.digitalweb.cz\/author\/","identifier":1,"image":{"@type":"ImageObject","@id":"https:\/\/secure.gravatar.com\/avatar\/2dfb47fe8ef5e1795dc8fdf9fc01f7f6e0de0c5b588d6a35abd2f00b6a65d2be?s=96&d=mm&r=g","url":"https:\/\/secure.gravatar.com\/avatar\/2dfb47fe8ef5e1795dc8fdf9fc01f7f6e0de0c5b588d6a35abd2f00b6a65d2be?s=96&d=mm&r=g","height":96,"width":96}},"publisher":{"@type":"Organization","name":"digitalweb.cz","logo":{"@type":"ImageObject","@id":"\/logo.png","url":"\/logo.png","width":600,"height":60}},"image":null,"keywords":null},{"@type":"Article","@id":"https:\/\/www.digitalweb.cz\/jak-se-spravne-stravovat-abych-byla-krasna-a-zdrava\/","headline":"Jak se spr\u00e1vn\u011b stravovat, abych byla kr\u00e1sn\u00e1 a zdrav\u00e1?","url":"https:\/\/www.digitalweb.cz\/jak-se-spravne-stravovat-abych-byla-krasna-a-zdrava\/","datePublished":"2023-04-28","dateModified":"2023-04-28","mainEntityOfPage":"https:\/\/www.digitalweb.cz\/jak-se-spravne-stravovat-abych-byla-krasna-a-zdrava\/","author":{"@type":"Person","@id":"https:\/\/www.digitalweb.cz\/author\/#Person","name":"digitalweb.cz\n","url":"https:\/\/www.digitalweb.cz\/author\/","identifier":1,"image":{"@type":"ImageObject","@id":"https:\/\/secure.gravatar.com\/avatar\/2dfb47fe8ef5e1795dc8fdf9fc01f7f6e0de0c5b588d6a35abd2f00b6a65d2be?s=96&d=mm&r=g","url":"https:\/\/secure.gravatar.com\/avatar\/2dfb47fe8ef5e1795dc8fdf9fc01f7f6e0de0c5b588d6a35abd2f00b6a65d2be?s=96&d=mm&r=g","height":96,"width":96}},"publisher":{"@type":"Organization","name":"digitalweb.cz","logo":{"@type":"ImageObject","@id":"\/logo.png","url":"\/logo.png","width":600,"height":60}},"image":null,"keywords":null},{"@type":"Article","@id":"https:\/\/www.digitalweb.cz\/pece-chemickou-ci-prirodni-peci\/","headline":"P\u00e9\u010de chemickou \u010di p\u0159\u00edrodn\u00ed p\u00e9\u010d\u00ed","url":"https:\/\/www.digitalweb.cz\/pece-chemickou-ci-prirodni-peci\/","datePublished":"2023-04-28","dateModified":"2023-04-28","mainEntityOfPage":"https:\/\/www.digitalweb.cz\/pece-chemickou-ci-prirodni-peci\/","author":{"@type":"Person","@id":"https:\/\/www.digitalweb.cz\/author\/#Person","name":"digitalweb.cz\n","url":"https:\/\/www.digitalweb.cz\/author\/","identifier":1,"image":{"@type":"ImageObject","@id":"https:\/\/secure.gravatar.com\/avatar\/2dfb47fe8ef5e1795dc8fdf9fc01f7f6e0de0c5b588d6a35abd2f00b6a65d2be?s=96&d=mm&r=g","url":"https:\/\/secure.gravatar.com\/avatar\/2dfb47fe8ef5e1795dc8fdf9fc01f7f6e0de0c5b588d6a35abd2f00b6a65d2be?s=96&d=mm&r=g","height":96,"width":96}},"publisher":{"@type":"Organization","name":"digitalweb.cz","logo":{"@type":"ImageObject","@id":"\/logo.png","url":"\/logo.png","width":600,"height":60}},"image":null,"keywords":null},{"@type":"Article","@id":"https:\/\/www.digitalweb.cz\/co-zpusobuje-vypadavani-vlasu-a-jak-mu-predejit\/","headline":"Co  zp\u016fsobuje vypad\u00e1v\u00e1n\u00ed vlas\u016f a jak mu p\u0159edej\u00edt","url":"https:\/\/www.digitalweb.cz\/co-zpusobuje-vypadavani-vlasu-a-jak-mu-predejit\/","datePublished":"2023-04-28","dateModified":"2023-04-28","mainEntityOfPage":"https:\/\/www.digitalweb.cz\/co-zpusobuje-vypadavani-vlasu-a-jak-mu-predejit\/","author":{"@type":"Person","@id":"https:\/\/www.digitalweb.cz\/author\/#Person","name":"digitalweb.cz\n","url":"https:\/\/www.digitalweb.cz\/author\/","identifier":1,"image":{"@type":"ImageObject","@id":"https:\/\/secure.gravatar.com\/avatar\/2dfb47fe8ef5e1795dc8fdf9fc01f7f6e0de0c5b588d6a35abd2f00b6a65d2be?s=96&d=mm&r=g","url":"https:\/\/secure.gravatar.com\/avatar\/2dfb47fe8ef5e1795dc8fdf9fc01f7f6e0de0c5b588d6a35abd2f00b6a65d2be?s=96&d=mm&r=g","height":96,"width":96}},"publisher":{"@type":"Organization","name":"digitalweb.cz","logo":{"@type":"ImageObject","@id":"\/logo.png","url":"\/logo.png","width":600,"height":60}},"image":null,"keywords":null},{"@type":"Article","@id":"https:\/\/www.digitalweb.cz\/vydejte-se-za-jasnou-nocni-oblohou\/","headline":"Vydejte se za jasnou no\u010dn\u00ed oblohou","url":"https:\/\/www.digitalweb.cz\/vydejte-se-za-jasnou-nocni-oblohou\/","datePublished":"2018-06-16","dateModified":"2023-04-28","mainEntityOfPage":"https:\/\/www.digitalweb.cz\/vydejte-se-za-jasnou-nocni-oblohou\/","author":{"@type":"Person","@id":"https:\/\/www.digitalweb.cz\/author\/#Person","name":"digitalweb.cz\n","url":"https:\/\/www.digitalweb.cz\/author\/","identifier":1,"image":{"@type":"ImageObject","@id":"https:\/\/secure.gravatar.com\/avatar\/2dfb47fe8ef5e1795dc8fdf9fc01f7f6e0de0c5b588d6a35abd2f00b6a65d2be?s=96&d=mm&r=g","url":"https:\/\/secure.gravatar.com\/avatar\/2dfb47fe8ef5e1795dc8fdf9fc01f7f6e0de0c5b588d6a35abd2f00b6a65d2be?s=96&d=mm&r=g","height":96,"width":96}},"publisher":{"@type":"Organization","name":"digitalweb.cz","logo":{"@type":"ImageObject","@id":"\/logo.png","url":"\/logo.png","width":600,"height":60}},"image":{"@type":"ImageObject","@id":"https:\/\/www.digitalweb.cz\/wp-content\/uploads\/img_a321017_w1792_t1532204774.jpg","url":"https:\/\/www.digitalweb.cz\/wp-content\/uploads\/img_a321017_w1792_t1532204774.jpg","height":0,"width":0},"keywords":null}]}