[{"@context":"https:\/\/schema.org\/","@type":"Article","@id":"https:\/\/www.digitalweb.cz\/ubytovani-v-srdci-moravy\/#Article","mainEntityOfPage":"https:\/\/www.digitalweb.cz\/ubytovani-v-srdci-moravy\/","headline":"Ubytov\u00e1n\u00ed v srdci Moravy","name":"Ubytov\u00e1n\u00ed v srdci Moravy","description":"Jestli\u017ee m\u00e1te r\u00e1di dlouh\u00e9 vych\u00e1zky a proj\u00ed\u017ed\u011bn\u00ed na kole n\u00e1dhernou krajinou, ur\u010dit\u011b byste m\u011bli pop\u0159em\u00fd\u0161let nad t\u00edm, kdy kone\u010dn\u011b nav\u0161t\u00edv\u00edte Lednici. Tato n\u00e1dhern\u00e1 obec je vyhl\u00e1\u0161en\u00e1 hlavn\u011b vina\u0159i a P\u00e1lavsk\u00fdmi vr\u0161ky, asi ka\u017ed\u00fd u\u017e sly\u0161el o sla\u010fou\u010dk\u00e9m v\u00ednu z P\u00e1lavy. Je zde k nav\u0161t\u00edven\u00ed velk\u00fd v\u00fdb\u011br pam\u00e1tek, tak\u017ee nudit se zde ur\u010dit\u011b nebudete. A\u0165 u\u017e [&hellip;]","datePublished":"2019-08-16","dateModified":"2023-04-28","author":{"@type":"Person","@id":"https:\/\/www.digitalweb.cz\/author\/#Person","name":"digitalweb.cz\n","url":"https:\/\/www.digitalweb.cz\/author\/","identifier":1,"image":{"@type":"ImageObject","@id":"https:\/\/secure.gravatar.com\/avatar\/2dfb47fe8ef5e1795dc8fdf9fc01f7f6e0de0c5b588d6a35abd2f00b6a65d2be?s=96&d=mm&r=g","url":"https:\/\/secure.gravatar.com\/avatar\/2dfb47fe8ef5e1795dc8fdf9fc01f7f6e0de0c5b588d6a35abd2f00b6a65d2be?s=96&d=mm&r=g","height":96,"width":96}},"publisher":{"@type":"Organization","name":"digitalweb.cz","logo":{"@type":"ImageObject","@id":"\/logo.png","url":"\/logo.png","width":600,"height":60}},"image":{"@type":"ImageObject","@id":"https:\/\/www.digitalweb.cz\/wp-content\/uploads\/img_a359025_w1792_t1573196410.jpg","url":"https:\/\/www.digitalweb.cz\/wp-content\/uploads\/img_a359025_w1792_t1573196410.jpg","height":0,"width":0},"url":"https:\/\/www.digitalweb.cz\/ubytovani-v-srdci-moravy\/","about":["Business"],"wordCount":428,"articleBody":"     Jestli\u017ee m\u00e1te r\u00e1di dlouh\u00e9 vych\u00e1zky a proj\u00ed\u017ed\u011bn\u00ed na kole n\u00e1dhernou krajinou, ur\u010dit\u011b byste m\u011bli pop\u0159em\u00fd\u0161let nad t\u00edm, kdy kone\u010dn\u011b nav\u0161t\u00edv\u00edte Lednici. Tato n\u00e1dhern\u00e1 obec je vyhl\u00e1\u0161en\u00e1 hlavn\u011b vina\u0159i a P\u00e1lavsk\u00fdmi vr\u0161ky, asi ka\u017ed\u00fd u\u017e sly\u0161el o sla\u010fou\u010dk\u00e9m v\u00ednu z P\u00e1lavy. Je zde k nav\u0161t\u00edven\u00ed velk\u00fd v\u00fdb\u011br pam\u00e1tek, tak\u017ee nudit se zde ur\u010dit\u011b nebudete. A\u0165 u\u017e si d\u00e1te v\u00fd\u0161lap na zdej\u0161\u00ed D\u00edv\u010d\u00ed hr\u00e1dek, nebo se pod\u00edv\u00e1te na n\u00e1dhern\u00fd z\u00e1mek, ur\u010dit\u011b nebudete litovat. Z\u00e1meck\u00e1 zahrada je nejhez\u010d\u00ed v letn\u00edm obdob\u00edm, kdy je v\u0161e n\u00e1dhern\u011b rozkvetl\u00e9 a v\u0161ude kolem je n\u00e1dhern\u00e1 zele\u0148. Hotely Lednice od lednice.galant je rozhodn\u011b tou nejlep\u0161\u00ed volbou ubytov\u00e1n\u00ed \u0161iroko daleko. Tyto hotely jsou ide\u00e1ln\u00edm m\u00edstem pro firemn\u00ed ve\u010d\u00edrky, romantiku pro dva, nebo t\u0159eba dvou denn\u00ed odpo\u010dinkov\u00fd v\u00fdlet. Je tak pouze na V\u00e1s, kdy si ud\u011bl\u00e1te \u010das a vyraz\u00edte za t\u011bmito n\u00e1dherami. Hotel nab\u00edz\u00ed zakoupen\u00ed poukaz\u016f, https:\/\/obchody.heureka.cz\/svetdarkovychpoukazu-cz\/recenze\/  tak\u017ee je mo\u017enost obdarovat i svoje zn\u00e1m\u00e9. Ti si pak mohou u\u017e\u00edt n\u00e1dhern\u00e9 p\u0159\u00edrody, nebo odpo\u010dinku v jejich wellness centru. Zaru\u010den\u011b si tak\u00e9 u\u017eij\u00ed zdej\u0161\u00ed gastronomii, kter\u00e1 nab\u00edz\u00ed \u0161irok\u00fd v\u00fdb\u011br pokrm\u016f od specialit, a\u017e k tradi\u010dn\u00ed \u010desk\u00e9 kuchyni. Po dobr\u00e9m j\u00eddle si mohou j\u00edt odpo\u010dnout na pokoj, kter\u00fd je pln\u011b vybaven\u00fd, a\u0165 u\u017e vlastn\u00edm soci\u00e1ln\u00edm za\u0159\u00edzen\u00ed, tak t\u0159eba televiz\u00ed \u010di barem p\u0159\u00edmo na pokoji. Velice mil\u00ed person\u00e1l V\u00e1m pom\u016f\u017ee, s jak\u00fdmkoliv dotazem, nebo p\u0159\u00e1n\u00ed. Nebojte se tedy zeptat, kam vyrazit za pam\u00e1tkami, nebo odkud kam vedou t\u0159eba turistick\u00e9 trasy. V l\u00e9t\u011b zde ur\u010dit\u011b stoj\u00ed za nav\u0161t\u00edven\u00ed vinn\u00e9 skl\u00edpky a dlouh\u00e9 v\u00fd\u0161lapy krajinou. Pokud zav\u00edt\u00e1te do t\u00e9to n\u00e1dhern\u00e9 krajiny v zimn\u00edm obdob\u00ed, m\u016f\u017eete nav\u0161t\u00edvit kostel uprost\u0159ed jezera, kam se dostanete po zamrzl\u00e9m jeze\u0159e dokonce p\u011b\u0161ky. V\u011b\u0159te, \u017ee tento \u00fa\u017easn\u00fd kraj V\u00e1s nadchne v jak\u00e9mkoliv ro\u010dn\u00edm obdob\u00ed, kdy\u017e k tomu pak zapo\u010d\u00edt\u00e1te nespo\u010det kr\u00e1sn\u00fdch pam\u00e1tek a z\u00e1\u017eitk\u016f, zavr\u0161en\u00fd komfortn\u00edm ubytov\u00e1n\u00edm, nem\u00e1te co vytknout.                                                                                                                                                                                                                                                                                                                                                                                         3.1\/5 - (7 votes)        "},{"@context":"https:\/\/schema.org\/","@type":"BreadcrumbList","itemListElement":[{"@type":"ListItem","position":1,"name":"Ubytov\u00e1n\u00ed v srdci Moravy","item":"https:\/\/www.digitalweb.cz\/ubytovani-v-srdci-moravy\/#breadcrumbitem"}]}]