[{"@context":"https:\/\/schema.org\/","@type":"Article","@id":"https:\/\/www.digitalweb.cz\/vedeni-ucetnictvi\/#Article","mainEntityOfPage":"https:\/\/www.digitalweb.cz\/vedeni-ucetnictvi\/","headline":"Veden\u00ed \u00fa\u010detnictv\u00ed","name":"Veden\u00ed \u00fa\u010detnictv\u00ed","description":"Nab\u00edz\u00edme V\u00e1m kvalitn\u00ed po\u010d\u00edtan\u00ed dan\u00ed, veden\u00ed \u00fa\u010detnictv\u00ed \u010di da\u0148ovou evidenci. Jsme firma Alfa \u00da\u010detn\u00ed a na \u010desk\u00e9m trhu jsme ji\u017e osv\u011bd\u010denou zna\u010dkou. Na\u0161e firma byla zalo\u017eena v roce 1995 a za sebou m\u00e1me mnoho spokojen\u00fdch a st\u00e1le se vracej\u00edc\u00edch klient\u016f. Pokud V\u00e1s zaujmou na\u0161e slu\u017eby, jsme si jisti, \u017ee s na\u0161imi slu\u017ebami budete spokojeni i [&hellip;]","datePublished":"2025-03-29","dateModified":"2025-03-29","author":{"@type":"Person","@id":"https:\/\/www.digitalweb.cz\/author\/#Person","name":"digitalweb.cz\n","url":"https:\/\/www.digitalweb.cz\/author\/","identifier":1,"image":{"@type":"ImageObject","@id":"https:\/\/secure.gravatar.com\/avatar\/2dfb47fe8ef5e1795dc8fdf9fc01f7f6e0de0c5b588d6a35abd2f00b6a65d2be?s=96&d=mm&r=g","url":"https:\/\/secure.gravatar.com\/avatar\/2dfb47fe8ef5e1795dc8fdf9fc01f7f6e0de0c5b588d6a35abd2f00b6a65d2be?s=96&d=mm&r=g","height":96,"width":96}},"publisher":{"@type":"Organization","name":"digitalweb.cz","logo":{"@type":"ImageObject","@id":"\/logo.png","url":"\/logo.png","width":600,"height":60}},"url":"https:\/\/www.digitalweb.cz\/vedeni-ucetnictvi\/","wordCount":155,"articleBody":"Nab\u00edz\u00edme V\u00e1m kvalitn\u00ed po\u010d\u00edtan\u00ed dan\u00ed, veden\u00ed \u00fa\u010detnictv\u00ed \u010di da\u0148ovou evidenci. Jsme firma Alfa \u00da\u010detn\u00ed a na \u010desk\u00e9m trhu jsme ji\u017e osv\u011bd\u010denou zna\u010dkou. Na\u0161e firma byla zalo\u017eena v roce 1995 a za sebou m\u00e1me mnoho spokojen\u00fdch a st\u00e1le se vracej\u00edc\u00edch klient\u016f. Pokud V\u00e1s zaujmou na\u0161e slu\u017eby, jsme si jisti, \u017ee s na\u0161imi slu\u017ebami budete spokojeni i Vy.Pro veden\u00ed \u00fa\u010detnictv\u00ed vyb\u00edr\u00e1me v\u017edy ty nejlep\u0161\u00ed lidi. Ov\u0161em veden\u00ed \u00fa\u010detnictv\u00ed nen\u00ed alfou a omegou na\u0161eho podnik\u00e1n\u00ed. Star\u00e1me se tak\u00e9 na\u0161im klient\u016fm o po\u010d\u00edt\u00e1n\u00ed DPH \u010di p\u0159ipravujeme z\u00fa\u010dtov\u00e1n\u00ed dan\u00ed z p\u0159\u00edjm\u016f osob pr\u00e1vnick\u00fdch, tak i samoz\u0159ejm\u011b fyzick\u00fdch. Dok\u00e1\u017eeme na\u0161im klient\u016fm po zevrubn\u00fdch anal\u00fdz\u00e1ch poskytnout \u0159adu d\u016fle\u017eit\u00fdch informac\u00ed o jejich firm\u00e1ch.                                                                                                                                                                                                                                                                                                                                                                                                "},{"@context":"https:\/\/schema.org\/","@type":"BreadcrumbList","itemListElement":[{"@type":"ListItem","position":1,"name":"Veden\u00ed \u00fa\u010detnictv\u00ed","item":"https:\/\/www.digitalweb.cz\/vedeni-ucetnictvi\/#breadcrumbitem"}]}]